{"id":5518,"date":"2020-04-20T09:11:12","date_gmt":"2020-04-20T06:11:12","guid":{"rendered":"https:\/\/blog.airbaltic.com\/?p=5518"},"modified":"2023-07-19T17:22:27","modified_gmt":"2023-07-19T14:22:27","slug":"portugales-garsa","status":"publish","type":"post","link":"https:\/\/blog.airbaltic.com\/lv\/portugales-garsa\/","title":{"rendered":"Portug\u0101les gar\u0161a"},"content":{"rendered":"","protected":false},"excerpt":{"rendered":"","protected":false},"author":3,"featured_media":5436,"comment_status":"closed","ping_status":"closed","sticky":false,"template":"","format":"standard","meta":{"_acf_changed":false,"footnotes":""},"categories":[503,500],"tags":[62,458],"acf":[],"yoast_head":"<!-- This site is optimized with the Yoast SEO plugin v22.5 - https:\/\/yoast.com\/wordpress\/plugins\/seo\/ -->\n<title>Portug\u0101les gar\u0161a - airBaltic blog<\/title>\n<meta name=\"description\" content=\"Lai gan Portug\u0101les gar\u0161a ir pasaul\u0113 slaven\u0101 pastel de nata, ir daudz vair\u0101k \u0113dienu, ko izm\u0113\u0123in\u0101t; izlasiet padomus par to, kur pa\u0113st kam\u0113r atrodaties Portug\u0101l\u0113.\" \/>\n<meta name=\"robots\" content=\"index, follow, max-snippet:-1, max-image-preview:large, max-video-preview:-1\" \/>\n<link rel=\"canonical\" href=\"https:\/\/blog.airbaltic.com\/lv\/portugales-garsa\/\" \/>\n<meta property=\"og:locale\" content=\"lv_LV\" \/>\n<meta property=\"og:type\" content=\"article\" \/>\n<meta property=\"og:title\" content=\"Portug\u0101les gar\u0161a - airBaltic blog\" \/>\n<meta property=\"og:description\" content=\"Lai gan Portug\u0101les gar\u0161a ir pasaul\u0113 slaven\u0101 pastel de nata, ir daudz vair\u0101k \u0113dienu, ko izm\u0113\u0123in\u0101t; izlasiet padomus par to, kur pa\u0113st kam\u0113r atrodaties Portug\u0101l\u0113.\" \/>\n<meta property=\"og:url\" content=\"https:\/\/blog.airbaltic.com\/lv\/portugales-garsa\/\" \/>\n<meta property=\"og:site_name\" content=\"airBaltic blog\" \/>\n<meta property=\"article:publisher\" content=\"https:\/\/www.facebook.com\/airBaltic\" \/>\n<meta property=\"article:published_time\" content=\"2020-04-20T06:11:12+00:00\" \/>\n<meta property=\"article:modified_time\" content=\"2023-07-19T14:22:27+00:00\" \/>\n<meta property=\"og:image\" content=\"https:\/\/blog.airbaltic.com\/wp-content\/uploads\/2020\/03\/taste-of-portugal-2_coffee-and-cakes_pastel-de-nata-\u2013-a-traditional-portuguese-pastry-.jpg\" \/>\n\t<meta property=\"og:image:width\" content=\"1920\" \/>\n\t<meta property=\"og:image:height\" content=\"1080\" \/>\n\t<meta property=\"og:image:type\" content=\"image\/jpeg\" \/>\n<meta name=\"author\" content=\"Justine Ruda\" \/>\n<meta name=\"twitter:card\" content=\"summary_large_image\" \/>\n<meta name=\"twitter:creator\" content=\"@airBaltic\" \/>\n<meta name=\"twitter:site\" content=\"@airBaltic\" \/>\n<meta name=\"twitter:label1\" content=\"Written by\" \/>\n\t<meta name=\"twitter:data1\" content=\"Justine Ruda\" \/>\n<script type=\"application\/ld+json\" class=\"yoast-schema-graph\">{\"@context\":\"https:\/\/schema.org\",\"@graph\":[{\"@type\":\"WebPage\",\"@id\":\"https:\/\/blog.airbaltic.com\/lv\/portugales-garsa\/\",\"url\":\"https:\/\/blog.airbaltic.com\/lv\/portugales-garsa\/\",\"name\":\"Portug\u0101les gar\u0161a - airBaltic blog\",\"isPartOf\":{\"@id\":\"https:\/\/blog.airbaltic.com\/lv\/#website\"},\"primaryImageOfPage\":{\"@id\":\"https:\/\/blog.airbaltic.com\/lv\/portugales-garsa\/#primaryimage\"},\"image\":{\"@id\":\"https:\/\/blog.airbaltic.com\/lv\/portugales-garsa\/#primaryimage\"},\"thumbnailUrl\":\"https:\/\/blog.airbaltic.com\/wp-content\/uploads\/2020\/03\/taste-of-portugal-2_coffee-and-cakes_pastel-de-nata-\u2013-a-traditional-portuguese-pastry-.jpg\",\"datePublished\":\"2020-04-20T06:11:12+00:00\",\"dateModified\":\"2023-07-19T14:22:27+00:00\",\"author\":{\"@id\":\"https:\/\/blog.airbaltic.com\/lv\/#\/schema\/person\/4e27e2c96bd401015c40b23e4fd10c5f\"},\"description\":\"Lai gan Portug\u0101les gar\u0161a ir pasaul\u0113 slaven\u0101 pastel de nata, ir daudz vair\u0101k \u0113dienu, ko izm\u0113\u0123in\u0101t; izlasiet padomus par to, kur pa\u0113st kam\u0113r atrodaties Portug\u0101l\u0113.\",\"breadcrumb\":{\"@id\":\"https:\/\/blog.airbaltic.com\/lv\/portugales-garsa\/#breadcrumb\"},\"inLanguage\":\"lv-LV\",\"potentialAction\":[{\"@type\":\"ReadAction\",\"target\":[\"https:\/\/blog.airbaltic.com\/lv\/portugales-garsa\/\"]}]},{\"@type\":\"ImageObject\",\"inLanguage\":\"lv-LV\",\"@id\":\"https:\/\/blog.airbaltic.com\/lv\/portugales-garsa\/#primaryimage\",\"url\":\"https:\/\/blog.airbaltic.com\/wp-content\/uploads\/2020\/03\/taste-of-portugal-2_coffee-and-cakes_pastel-de-nata-\u2013-a-traditional-portuguese-pastry-.jpg\",\"contentUrl\":\"https:\/\/blog.airbaltic.com\/wp-content\/uploads\/2020\/03\/taste-of-portugal-2_coffee-and-cakes_pastel-de-nata-\u2013-a-traditional-portuguese-pastry-.jpg\",\"width\":1920,\"height\":1080,\"caption\":\"Taste of Portugal - airBaltic blog\"},{\"@type\":\"BreadcrumbList\",\"@id\":\"https:\/\/blog.airbaltic.com\/lv\/portugales-garsa\/#breadcrumb\",\"itemListElement\":[{\"@type\":\"ListItem\",\"position\":1,\"name\":\"Home\",\"item\":\"https:\/\/blog.airbaltic.com\/lv\/\"},{\"@type\":\"ListItem\",\"position\":2,\"name\":\"Portug\u0101les gar\u0161a\"}]},{\"@type\":\"WebSite\",\"@id\":\"https:\/\/blog.airbaltic.com\/lv\/#website\",\"url\":\"https:\/\/blog.airbaltic.com\/lv\/\",\"name\":\"airBaltic blog\",\"description\":\"\",\"potentialAction\":[{\"@type\":\"SearchAction\",\"target\":{\"@type\":\"EntryPoint\",\"urlTemplate\":\"https:\/\/blog.airbaltic.com\/lv\/?s={search_term_string}\"},\"query-input\":\"required name=search_term_string\"}],\"inLanguage\":\"lv-LV\"},{\"@type\":\"Person\",\"@id\":\"https:\/\/blog.airbaltic.com\/lv\/#\/schema\/person\/4e27e2c96bd401015c40b23e4fd10c5f\",\"name\":\"Justine Ruda\"}]}<\/script>\n<!-- \/ Yoast SEO plugin. -->","yoast_head_json":{"title":"Portug\u0101les gar\u0161a - airBaltic blog","description":"Lai gan Portug\u0101les gar\u0161a ir pasaul\u0113 slaven\u0101 pastel de nata, ir daudz vair\u0101k \u0113dienu, ko izm\u0113\u0123in\u0101t; izlasiet padomus par to, kur pa\u0113st kam\u0113r atrodaties Portug\u0101l\u0113.","robots":{"index":"index","follow":"follow","max-snippet":"max-snippet:-1","max-image-preview":"max-image-preview:large","max-video-preview":"max-video-preview:-1"},"canonical":"https:\/\/blog.airbaltic.com\/lv\/portugales-garsa\/","og_locale":"lv_LV","og_type":"article","og_title":"Portug\u0101les gar\u0161a - airBaltic blog","og_description":"Lai gan Portug\u0101les gar\u0161a ir pasaul\u0113 slaven\u0101 pastel de nata, ir daudz vair\u0101k \u0113dienu, ko izm\u0113\u0123in\u0101t; izlasiet padomus par to, kur pa\u0113st kam\u0113r atrodaties Portug\u0101l\u0113.","og_url":"https:\/\/blog.airbaltic.com\/lv\/portugales-garsa\/","og_site_name":"airBaltic blog","article_publisher":"https:\/\/www.facebook.com\/airBaltic","article_published_time":"2020-04-20T06:11:12+00:00","article_modified_time":"2023-07-19T14:22:27+00:00","og_image":[{"width":1920,"height":1080,"url":"https:\/\/blog.airbaltic.com\/wp-content\/uploads\/2020\/03\/taste-of-portugal-2_coffee-and-cakes_pastel-de-nata-\u2013-a-traditional-portuguese-pastry-.jpg","type":"image\/jpeg"}],"author":"Justine Ruda","twitter_card":"summary_large_image","twitter_creator":"@airBaltic","twitter_site":"@airBaltic","twitter_misc":{"Written by":"Justine Ruda"},"schema":{"@context":"https:\/\/schema.org","@graph":[{"@type":"WebPage","@id":"https:\/\/blog.airbaltic.com\/lv\/portugales-garsa\/","url":"https:\/\/blog.airbaltic.com\/lv\/portugales-garsa\/","name":"Portug\u0101les gar\u0161a - airBaltic blog","isPartOf":{"@id":"https:\/\/blog.airbaltic.com\/lv\/#website"},"primaryImageOfPage":{"@id":"https:\/\/blog.airbaltic.com\/lv\/portugales-garsa\/#primaryimage"},"image":{"@id":"https:\/\/blog.airbaltic.com\/lv\/portugales-garsa\/#primaryimage"},"thumbnailUrl":"https:\/\/blog.airbaltic.com\/wp-content\/uploads\/2020\/03\/taste-of-portugal-2_coffee-and-cakes_pastel-de-nata-\u2013-a-traditional-portuguese-pastry-.jpg","datePublished":"2020-04-20T06:11:12+00:00","dateModified":"2023-07-19T14:22:27+00:00","author":{"@id":"https:\/\/blog.airbaltic.com\/lv\/#\/schema\/person\/4e27e2c96bd401015c40b23e4fd10c5f"},"description":"Lai gan Portug\u0101les gar\u0161a ir pasaul\u0113 slaven\u0101 pastel de nata, ir daudz vair\u0101k \u0113dienu, ko izm\u0113\u0123in\u0101t; izlasiet padomus par to, kur pa\u0113st kam\u0113r atrodaties Portug\u0101l\u0113.","breadcrumb":{"@id":"https:\/\/blog.airbaltic.com\/lv\/portugales-garsa\/#breadcrumb"},"inLanguage":"lv-LV","potentialAction":[{"@type":"ReadAction","target":["https:\/\/blog.airbaltic.com\/lv\/portugales-garsa\/"]}]},{"@type":"ImageObject","inLanguage":"lv-LV","@id":"https:\/\/blog.airbaltic.com\/lv\/portugales-garsa\/#primaryimage","url":"https:\/\/blog.airbaltic.com\/wp-content\/uploads\/2020\/03\/taste-of-portugal-2_coffee-and-cakes_pastel-de-nata-\u2013-a-traditional-portuguese-pastry-.jpg","contentUrl":"https:\/\/blog.airbaltic.com\/wp-content\/uploads\/2020\/03\/taste-of-portugal-2_coffee-and-cakes_pastel-de-nata-\u2013-a-traditional-portuguese-pastry-.jpg","width":1920,"height":1080,"caption":"Taste of Portugal - airBaltic blog"},{"@type":"BreadcrumbList","@id":"https:\/\/blog.airbaltic.com\/lv\/portugales-garsa\/#breadcrumb","itemListElement":[{"@type":"ListItem","position":1,"name":"Home","item":"https:\/\/blog.airbaltic.com\/lv\/"},{"@type":"ListItem","position":2,"name":"Portug\u0101les gar\u0161a"}]},{"@type":"WebSite","@id":"https:\/\/blog.airbaltic.com\/lv\/#website","url":"https:\/\/blog.airbaltic.com\/lv\/","name":"airBaltic blog","description":"","potentialAction":[{"@type":"SearchAction","target":{"@type":"EntryPoint","urlTemplate":"https:\/\/blog.airbaltic.com\/lv\/?s={search_term_string}"},"query-input":"required name=search_term_string"}],"inLanguage":"lv-LV"},{"@type":"Person","@id":"https:\/\/blog.airbaltic.com\/lv\/#\/schema\/person\/4e27e2c96bd401015c40b23e4fd10c5f","name":"Justine Ruda"}]}},"_links":{"self":[{"href":"https:\/\/blog.airbaltic.com\/lv\/wp-json\/wp\/v2\/posts\/5518"}],"collection":[{"href":"https:\/\/blog.airbaltic.com\/lv\/wp-json\/wp\/v2\/posts"}],"about":[{"href":"https:\/\/blog.airbaltic.com\/lv\/wp-json\/wp\/v2\/types\/post"}],"author":[{"embeddable":true,"href":"https:\/\/blog.airbaltic.com\/lv\/wp-json\/wp\/v2\/users\/3"}],"replies":[{"embeddable":true,"href":"https:\/\/blog.airbaltic.com\/lv\/wp-json\/wp\/v2\/comments?post=5518"}],"version-history":[{"count":7,"href":"https:\/\/blog.airbaltic.com\/lv\/wp-json\/wp\/v2\/posts\/5518\/revisions"}],"predecessor-version":[{"id":39848,"href":"https:\/\/blog.airbaltic.com\/lv\/wp-json\/wp\/v2\/posts\/5518\/revisions\/39848"}],"wp:featuredmedia":[{"embeddable":true,"href":"https:\/\/blog.airbaltic.com\/lv\/wp-json\/wp\/v2\/media\/5436"}],"wp:attachment":[{"href":"https:\/\/blog.airbaltic.com\/lv\/wp-json\/wp\/v2\/media?parent=5518"}],"wp:term":[{"taxonomy":"category","embeddable":true,"href":"https:\/\/blog.airbaltic.com\/lv\/wp-json\/wp\/v2\/categories?post=5518"},{"taxonomy":"post_tag","embeddable":true,"href":"https:\/\/blog.airbaltic.com\/lv\/wp-json\/wp\/v2\/tags?post=5518"}],"curies":[{"name":"wp","href":"https:\/\/api.w.org\/{rel}","templated":true}]}}