{"id":23318,"date":"2022-10-05T11:13:10","date_gmt":"2022-10-05T08:13:10","guid":{"rendered":"https:\/\/blog.airbaltic.com\/?p=23318"},"modified":"2026-04-16T10:05:01","modified_gmt":"2026-04-16T07:05:01","slug":"vilnai-700-laiks-svinibam","status":"publish","type":"post","link":"https:\/\/blog.airbaltic.com\/lv\/vilnai-700-laiks-svinibam\/","title":{"rendered":"Vi\u013c\u0146ai 700 \u2013 laiks svin\u012bb\u0101m!"},"content":{"rendered":"","protected":false},"excerpt":{"rendered":"","protected":false},"author":11,"featured_media":23201,"comment_status":"closed","ping_status":"closed","sticky":false,"template":"","format":"standard","meta":{"_acf_changed":false,"footnotes":""},"categories":[389,387],"tags":[59,62,664],"acf":[],"yoast_head":"<!-- This site is optimized with the Yoast SEO plugin v22.5 - https:\/\/yoast.com\/wordpress\/plugins\/seo\/ -->\n<title>Vi\u013c\u0146ai 700 \u2013 laiks svin\u012bb\u0101m! - airBaltic blog<\/title>\n<meta name=\"description\" content=\"2023. gad\u0101 Vi\u013c\u0146a svin\u0113s savu 700. gadadienu, ik uz st\u016bra \u0161ogad un n\u0101kamgad iedz\u012bvot\u0101jus un viesus gaida aizraujo\u0161i m\u0101kslas, kult\u016bras un gastronomijas piedz\u012bvojumi.\" \/>\n<meta name=\"robots\" content=\"index, follow, max-snippet:-1, max-image-preview:large, max-video-preview:-1\" \/>\n<link rel=\"canonical\" href=\"https:\/\/blog.airbaltic.com\/lv\/vilnai-700-laiks-svinibam\/\" \/>\n<meta property=\"og:locale\" content=\"lv_LV\" \/>\n<meta property=\"og:type\" content=\"article\" \/>\n<meta property=\"og:title\" content=\"Vi\u013c\u0146ai 700 \u2013 laiks svin\u012bb\u0101m! - airBaltic blog\" \/>\n<meta property=\"og:description\" content=\"2023. gad\u0101 Vi\u013c\u0146a svin\u0113s savu 700. gadadienu, ik uz st\u016bra \u0161ogad un n\u0101kamgad iedz\u012bvot\u0101jus un viesus gaida aizraujo\u0161i m\u0101kslas, kult\u016bras un gastronomijas piedz\u012bvojumi.\" \/>\n<meta property=\"og:url\" content=\"https:\/\/blog.airbaltic.com\/lv\/vilnai-700-laiks-svinibam\/\" \/>\n<meta property=\"og:site_name\" content=\"airBaltic blog\" \/>\n<meta property=\"article:publisher\" content=\"https:\/\/www.facebook.com\/airBaltic\" \/>\n<meta property=\"article:published_time\" content=\"2022-10-05T08:13:10+00:00\" \/>\n<meta property=\"article:modified_time\" content=\"2026-04-16T07:05:01+00:00\" \/>\n<meta property=\"og:image\" content=\"https:\/\/blog.airbaltic.com\/wp-content\/uploads\/2022\/07\/oro-balionai-balionas-diena-vasara-senamiestis-senamiescio-stogai-shutterstock-horizontali-scaled.jpg\" \/>\n\t<meta property=\"og:image:width\" content=\"2560\" \/>\n\t<meta property=\"og:image:height\" content=\"1707\" \/>\n\t<meta property=\"og:image:type\" content=\"image\/jpeg\" \/>\n<meta name=\"author\" content=\"Samanta Kr\u0113sli\u0146a\" \/>\n<meta name=\"twitter:card\" content=\"summary_large_image\" \/>\n<meta name=\"twitter:creator\" content=\"@airBaltic\" \/>\n<meta name=\"twitter:site\" content=\"@airBaltic\" \/>\n<meta name=\"twitter:label1\" content=\"Written by\" \/>\n\t<meta name=\"twitter:data1\" content=\"Samanta Kr\u0113sli\u0146a\" \/>\n\t<meta name=\"twitter:label2\" content=\"Est. reading time\" \/>\n\t<meta name=\"twitter:data2\" content=\"1 minute\" \/>\n<script type=\"application\/ld+json\" class=\"yoast-schema-graph\">{\"@context\":\"https:\/\/schema.org\",\"@graph\":[{\"@type\":\"WebPage\",\"@id\":\"https:\/\/blog.airbaltic.com\/lv\/vilnai-700-laiks-svinibam\/\",\"url\":\"https:\/\/blog.airbaltic.com\/lv\/vilnai-700-laiks-svinibam\/\",\"name\":\"Vi\u013c\u0146ai 700 \u2013 laiks svin\u012bb\u0101m! - airBaltic blog\",\"isPartOf\":{\"@id\":\"https:\/\/blog.airbaltic.com\/lv\/#website\"},\"primaryImageOfPage\":{\"@id\":\"https:\/\/blog.airbaltic.com\/lv\/vilnai-700-laiks-svinibam\/#primaryimage\"},\"image\":{\"@id\":\"https:\/\/blog.airbaltic.com\/lv\/vilnai-700-laiks-svinibam\/#primaryimage\"},\"thumbnailUrl\":\"https:\/\/blog.airbaltic.com\/wp-content\/uploads\/2022\/07\/oro-balionai-balionas-diena-vasara-senamiestis-senamiescio-stogai-shutterstock-horizontali-scaled.jpg\",\"datePublished\":\"2022-10-05T08:13:10+00:00\",\"dateModified\":\"2026-04-16T07:05:01+00:00\",\"author\":{\"@id\":\"https:\/\/blog.airbaltic.com\/lv\/#\/schema\/person\/e053cd6015d7e174f5ee3201c092ce0e\"},\"description\":\"2023. gad\u0101 Vi\u013c\u0146a svin\u0113s savu 700. gadadienu, ik uz st\u016bra \u0161ogad un n\u0101kamgad iedz\u012bvot\u0101jus un viesus gaida aizraujo\u0161i m\u0101kslas, kult\u016bras un gastronomijas piedz\u012bvojumi.\",\"breadcrumb\":{\"@id\":\"https:\/\/blog.airbaltic.com\/lv\/vilnai-700-laiks-svinibam\/#breadcrumb\"},\"inLanguage\":\"lv-LV\",\"potentialAction\":[{\"@type\":\"ReadAction\",\"target\":[\"https:\/\/blog.airbaltic.com\/lv\/vilnai-700-laiks-svinibam\/\"]}]},{\"@type\":\"ImageObject\",\"inLanguage\":\"lv-LV\",\"@id\":\"https:\/\/blog.airbaltic.com\/lv\/vilnai-700-laiks-svinibam\/#primaryimage\",\"url\":\"https:\/\/blog.airbaltic.com\/wp-content\/uploads\/2022\/07\/oro-balionai-balionas-diena-vasara-senamiestis-senamiescio-stogai-shutterstock-horizontali-scaled.jpg\",\"contentUrl\":\"https:\/\/blog.airbaltic.com\/wp-content\/uploads\/2022\/07\/oro-balionai-balionas-diena-vasara-senamiestis-senamiescio-stogai-shutterstock-horizontali-scaled.jpg\",\"width\":2560,\"height\":1707,\"caption\":\"oro balionai balionas diena vasara senamiestis senamiescio stogai shutterstock horizontali\"},{\"@type\":\"BreadcrumbList\",\"@id\":\"https:\/\/blog.airbaltic.com\/lv\/vilnai-700-laiks-svinibam\/#breadcrumb\",\"itemListElement\":[{\"@type\":\"ListItem\",\"position\":1,\"name\":\"Home\",\"item\":\"https:\/\/blog.airbaltic.com\/lv\/\"},{\"@type\":\"ListItem\",\"position\":2,\"name\":\"Vi\u013c\u0146ai 700 \u2013 laiks svin\u012bb\u0101m!\"}]},{\"@type\":\"WebSite\",\"@id\":\"https:\/\/blog.airbaltic.com\/lv\/#website\",\"url\":\"https:\/\/blog.airbaltic.com\/lv\/\",\"name\":\"airBaltic blog\",\"description\":\"\",\"potentialAction\":[{\"@type\":\"SearchAction\",\"target\":{\"@type\":\"EntryPoint\",\"urlTemplate\":\"https:\/\/blog.airbaltic.com\/lv\/?s={search_term_string}\"},\"query-input\":\"required name=search_term_string\"}],\"inLanguage\":\"lv-LV\"},{\"@type\":\"Person\",\"@id\":\"https:\/\/blog.airbaltic.com\/lv\/#\/schema\/person\/e053cd6015d7e174f5ee3201c092ce0e\",\"name\":\"Samanta Kr\u0113sli\u0146a\"}]}<\/script>\n<!-- \/ Yoast SEO plugin. -->","yoast_head_json":{"title":"Vi\u013c\u0146ai 700 \u2013 laiks svin\u012bb\u0101m! - airBaltic blog","description":"2023. gad\u0101 Vi\u013c\u0146a svin\u0113s savu 700. gadadienu, ik uz st\u016bra \u0161ogad un n\u0101kamgad iedz\u012bvot\u0101jus un viesus gaida aizraujo\u0161i m\u0101kslas, kult\u016bras un gastronomijas piedz\u012bvojumi.","robots":{"index":"index","follow":"follow","max-snippet":"max-snippet:-1","max-image-preview":"max-image-preview:large","max-video-preview":"max-video-preview:-1"},"canonical":"https:\/\/blog.airbaltic.com\/lv\/vilnai-700-laiks-svinibam\/","og_locale":"lv_LV","og_type":"article","og_title":"Vi\u013c\u0146ai 700 \u2013 laiks svin\u012bb\u0101m! - airBaltic blog","og_description":"2023. gad\u0101 Vi\u013c\u0146a svin\u0113s savu 700. gadadienu, ik uz st\u016bra \u0161ogad un n\u0101kamgad iedz\u012bvot\u0101jus un viesus gaida aizraujo\u0161i m\u0101kslas, kult\u016bras un gastronomijas piedz\u012bvojumi.","og_url":"https:\/\/blog.airbaltic.com\/lv\/vilnai-700-laiks-svinibam\/","og_site_name":"airBaltic blog","article_publisher":"https:\/\/www.facebook.com\/airBaltic","article_published_time":"2022-10-05T08:13:10+00:00","article_modified_time":"2026-04-16T07:05:01+00:00","og_image":[{"width":2560,"height":1707,"url":"https:\/\/blog.airbaltic.com\/wp-content\/uploads\/2022\/07\/oro-balionai-balionas-diena-vasara-senamiestis-senamiescio-stogai-shutterstock-horizontali-scaled.jpg","type":"image\/jpeg"}],"author":"Samanta Kr\u0113sli\u0146a","twitter_card":"summary_large_image","twitter_creator":"@airBaltic","twitter_site":"@airBaltic","twitter_misc":{"Written by":"Samanta Kr\u0113sli\u0146a","Est. reading time":"1 minute"},"schema":{"@context":"https:\/\/schema.org","@graph":[{"@type":"WebPage","@id":"https:\/\/blog.airbaltic.com\/lv\/vilnai-700-laiks-svinibam\/","url":"https:\/\/blog.airbaltic.com\/lv\/vilnai-700-laiks-svinibam\/","name":"Vi\u013c\u0146ai 700 \u2013 laiks svin\u012bb\u0101m! - airBaltic blog","isPartOf":{"@id":"https:\/\/blog.airbaltic.com\/lv\/#website"},"primaryImageOfPage":{"@id":"https:\/\/blog.airbaltic.com\/lv\/vilnai-700-laiks-svinibam\/#primaryimage"},"image":{"@id":"https:\/\/blog.airbaltic.com\/lv\/vilnai-700-laiks-svinibam\/#primaryimage"},"thumbnailUrl":"https:\/\/blog.airbaltic.com\/wp-content\/uploads\/2022\/07\/oro-balionai-balionas-diena-vasara-senamiestis-senamiescio-stogai-shutterstock-horizontali-scaled.jpg","datePublished":"2022-10-05T08:13:10+00:00","dateModified":"2026-04-16T07:05:01+00:00","author":{"@id":"https:\/\/blog.airbaltic.com\/lv\/#\/schema\/person\/e053cd6015d7e174f5ee3201c092ce0e"},"description":"2023. gad\u0101 Vi\u013c\u0146a svin\u0113s savu 700. gadadienu, ik uz st\u016bra \u0161ogad un n\u0101kamgad iedz\u012bvot\u0101jus un viesus gaida aizraujo\u0161i m\u0101kslas, kult\u016bras un gastronomijas piedz\u012bvojumi.","breadcrumb":{"@id":"https:\/\/blog.airbaltic.com\/lv\/vilnai-700-laiks-svinibam\/#breadcrumb"},"inLanguage":"lv-LV","potentialAction":[{"@type":"ReadAction","target":["https:\/\/blog.airbaltic.com\/lv\/vilnai-700-laiks-svinibam\/"]}]},{"@type":"ImageObject","inLanguage":"lv-LV","@id":"https:\/\/blog.airbaltic.com\/lv\/vilnai-700-laiks-svinibam\/#primaryimage","url":"https:\/\/blog.airbaltic.com\/wp-content\/uploads\/2022\/07\/oro-balionai-balionas-diena-vasara-senamiestis-senamiescio-stogai-shutterstock-horizontali-scaled.jpg","contentUrl":"https:\/\/blog.airbaltic.com\/wp-content\/uploads\/2022\/07\/oro-balionai-balionas-diena-vasara-senamiestis-senamiescio-stogai-shutterstock-horizontali-scaled.jpg","width":2560,"height":1707,"caption":"oro balionai balionas diena vasara senamiestis senamiescio stogai shutterstock horizontali"},{"@type":"BreadcrumbList","@id":"https:\/\/blog.airbaltic.com\/lv\/vilnai-700-laiks-svinibam\/#breadcrumb","itemListElement":[{"@type":"ListItem","position":1,"name":"Home","item":"https:\/\/blog.airbaltic.com\/lv\/"},{"@type":"ListItem","position":2,"name":"Vi\u013c\u0146ai 700 \u2013 laiks svin\u012bb\u0101m!"}]},{"@type":"WebSite","@id":"https:\/\/blog.airbaltic.com\/lv\/#website","url":"https:\/\/blog.airbaltic.com\/lv\/","name":"airBaltic blog","description":"","potentialAction":[{"@type":"SearchAction","target":{"@type":"EntryPoint","urlTemplate":"https:\/\/blog.airbaltic.com\/lv\/?s={search_term_string}"},"query-input":"required name=search_term_string"}],"inLanguage":"lv-LV"},{"@type":"Person","@id":"https:\/\/blog.airbaltic.com\/lv\/#\/schema\/person\/e053cd6015d7e174f5ee3201c092ce0e","name":"Samanta Kr\u0113sli\u0146a"}]}},"_links":{"self":[{"href":"https:\/\/blog.airbaltic.com\/lv\/wp-json\/wp\/v2\/posts\/23318"}],"collection":[{"href":"https:\/\/blog.airbaltic.com\/lv\/wp-json\/wp\/v2\/posts"}],"about":[{"href":"https:\/\/blog.airbaltic.com\/lv\/wp-json\/wp\/v2\/types\/post"}],"author":[{"embeddable":true,"href":"https:\/\/blog.airbaltic.com\/lv\/wp-json\/wp\/v2\/users\/11"}],"replies":[{"embeddable":true,"href":"https:\/\/blog.airbaltic.com\/lv\/wp-json\/wp\/v2\/comments?post=23318"}],"version-history":[{"count":6,"href":"https:\/\/blog.airbaltic.com\/lv\/wp-json\/wp\/v2\/posts\/23318\/revisions"}],"predecessor-version":[{"id":68089,"href":"https:\/\/blog.airbaltic.com\/lv\/wp-json\/wp\/v2\/posts\/23318\/revisions\/68089"}],"wp:featuredmedia":[{"embeddable":true,"href":"https:\/\/blog.airbaltic.com\/lv\/wp-json\/wp\/v2\/media\/23201"}],"wp:attachment":[{"href":"https:\/\/blog.airbaltic.com\/lv\/wp-json\/wp\/v2\/media?parent=23318"}],"wp:term":[{"taxonomy":"category","embeddable":true,"href":"https:\/\/blog.airbaltic.com\/lv\/wp-json\/wp\/v2\/categories?post=23318"},{"taxonomy":"post_tag","embeddable":true,"href":"https:\/\/blog.airbaltic.com\/lv\/wp-json\/wp\/v2\/tags?post=23318"}],"curies":[{"name":"wp","href":"https:\/\/api.w.org\/{rel}","templated":true}]}}