{"id":23658,"date":"2022-07-20T16:36:34","date_gmt":"2022-07-20T13:36:34","guid":{"rendered":"https:\/\/blog.airbaltic.com\/?p=23658"},"modified":"2026-04-16T09:11:03","modified_gmt":"2026-04-16T06:11:03","slug":"cote-dazur-ein-traum-in-blautoenen","status":"publish","type":"post","link":"https:\/\/blog.airbaltic.com\/de\/cote-dazur-ein-traum-in-blautoenen\/","title":{"rendered":"C\u00f4te d\u2018Azur: Ein Traum in Blaut\u00f6nen"},"content":{"rendered":"","protected":false},"excerpt":{"rendered":"","protected":false},"author":9,"featured_media":23449,"comment_status":"closed","ping_status":"closed","sticky":false,"template":"","format":"standard","meta":{"_acf_changed":false,"footnotes":""},"categories":[713,631],"tags":[923],"acf":[],"yoast_head":"<!-- This site is optimized with the Yoast SEO plugin v22.5 - https:\/\/yoast.com\/wordpress\/plugins\/seo\/ -->\n<title>C\u00f4te d\u2018Azur: Ein Traum in Blaut\u00f6nen - airBaltic blog<\/title>\n<meta name=\"description\" content=\"Wenn von der C\u00f4te d\u2018Azur die Rede ist, denkt man meist an magisch blaues Wasser mit wei\u00dfen Booten in verschiedenen Formen und Gr\u00f6\u00dfen.\" \/>\n<meta name=\"robots\" content=\"index, follow, max-snippet:-1, max-image-preview:large, max-video-preview:-1\" \/>\n<link rel=\"canonical\" href=\"https:\/\/blog.airbaltic.com\/de\/cote-dazur-ein-traum-in-blautoenen\/\" \/>\n<meta property=\"og:locale\" content=\"de_DE\" \/>\n<meta property=\"og:type\" content=\"article\" \/>\n<meta property=\"og:title\" content=\"C\u00f4te d\u2018Azur: Ein Traum in Blaut\u00f6nen - airBaltic blog\" \/>\n<meta property=\"og:description\" content=\"Wenn von der C\u00f4te d\u2018Azur die Rede ist, denkt man meist an magisch blaues Wasser mit wei\u00dfen Booten in verschiedenen Formen und Gr\u00f6\u00dfen.\" \/>\n<meta property=\"og:url\" content=\"https:\/\/blog.airbaltic.com\/de\/cote-dazur-ein-traum-in-blautoenen\/\" \/>\n<meta property=\"og:site_name\" content=\"airBaltic blog\" \/>\n<meta property=\"article:publisher\" content=\"https:\/\/www.facebook.com\/airBaltic\" \/>\n<meta property=\"article:published_time\" content=\"2022-07-20T13:36:34+00:00\" \/>\n<meta property=\"article:modified_time\" content=\"2026-04-16T06:11:03+00:00\" \/>\n<meta property=\"og:image\" content=\"https:\/\/blog.airbaltic.com\/wp-content\/uploads\/2022\/07\/french-riviera-shades-of-azure.jpg\" \/>\n\t<meta property=\"og:image:width\" content=\"1920\" \/>\n\t<meta property=\"og:image:height\" content=\"1080\" \/>\n\t<meta property=\"og:image:type\" content=\"image\/jpeg\" \/>\n<meta name=\"author\" content=\"J\u0101nis J\u0113kabsons\" \/>\n<meta name=\"twitter:card\" content=\"summary_large_image\" \/>\n<meta name=\"twitter:creator\" content=\"@airBaltic\" \/>\n<meta name=\"twitter:site\" content=\"@airBaltic\" \/>\n<meta name=\"twitter:label1\" content=\"Written by\" \/>\n\t<meta name=\"twitter:data1\" content=\"J\u0101nis J\u0113kabsons\" \/>\n\t<meta name=\"twitter:label2\" content=\"Est. reading time\" \/>\n\t<meta name=\"twitter:data2\" content=\"1 Minute\" \/>\n<script type=\"application\/ld+json\" class=\"yoast-schema-graph\">{\"@context\":\"https:\/\/schema.org\",\"@graph\":[{\"@type\":\"WebPage\",\"@id\":\"https:\/\/blog.airbaltic.com\/de\/cote-dazur-ein-traum-in-blautoenen\/\",\"url\":\"https:\/\/blog.airbaltic.com\/de\/cote-dazur-ein-traum-in-blautoenen\/\",\"name\":\"C\u00f4te d\u2018Azur: Ein Traum in Blaut\u00f6nen - airBaltic blog\",\"isPartOf\":{\"@id\":\"https:\/\/blog.airbaltic.com\/de\/#website\"},\"primaryImageOfPage\":{\"@id\":\"https:\/\/blog.airbaltic.com\/de\/cote-dazur-ein-traum-in-blautoenen\/#primaryimage\"},\"image\":{\"@id\":\"https:\/\/blog.airbaltic.com\/de\/cote-dazur-ein-traum-in-blautoenen\/#primaryimage\"},\"thumbnailUrl\":\"https:\/\/blog.airbaltic.com\/wp-content\/uploads\/2022\/07\/french-riviera-shades-of-azure.jpg\",\"datePublished\":\"2022-07-20T13:36:34+00:00\",\"dateModified\":\"2026-04-16T06:11:03+00:00\",\"author\":{\"@id\":\"https:\/\/blog.airbaltic.com\/de\/#\/schema\/person\/a8f55f10a470138dfee69a0ab995ffc9\"},\"description\":\"Wenn von der C\u00f4te d\u2018Azur die Rede ist, denkt man meist an magisch blaues Wasser mit wei\u00dfen Booten in verschiedenen Formen und Gr\u00f6\u00dfen.\",\"breadcrumb\":{\"@id\":\"https:\/\/blog.airbaltic.com\/de\/cote-dazur-ein-traum-in-blautoenen\/#breadcrumb\"},\"inLanguage\":\"de-DE\",\"potentialAction\":[{\"@type\":\"ReadAction\",\"target\":[\"https:\/\/blog.airbaltic.com\/de\/cote-dazur-ein-traum-in-blautoenen\/\"]}]},{\"@type\":\"ImageObject\",\"inLanguage\":\"de-DE\",\"@id\":\"https:\/\/blog.airbaltic.com\/de\/cote-dazur-ein-traum-in-blautoenen\/#primaryimage\",\"url\":\"https:\/\/blog.airbaltic.com\/wp-content\/uploads\/2022\/07\/french-riviera-shades-of-azure.jpg\",\"contentUrl\":\"https:\/\/blog.airbaltic.com\/wp-content\/uploads\/2022\/07\/french-riviera-shades-of-azure.jpg\",\"width\":1920,\"height\":1080,\"caption\":\"French Riviera - shades of azure\"},{\"@type\":\"BreadcrumbList\",\"@id\":\"https:\/\/blog.airbaltic.com\/de\/cote-dazur-ein-traum-in-blautoenen\/#breadcrumb\",\"itemListElement\":[{\"@type\":\"ListItem\",\"position\":1,\"name\":\"Home\",\"item\":\"https:\/\/blog.airbaltic.com\/de\/\"},{\"@type\":\"ListItem\",\"position\":2,\"name\":\"C\u00f4te d\u2018Azur: Ein Traum in Blaut\u00f6nen\"}]},{\"@type\":\"WebSite\",\"@id\":\"https:\/\/blog.airbaltic.com\/de\/#website\",\"url\":\"https:\/\/blog.airbaltic.com\/de\/\",\"name\":\"airBaltic blog\",\"description\":\"\",\"potentialAction\":[{\"@type\":\"SearchAction\",\"target\":{\"@type\":\"EntryPoint\",\"urlTemplate\":\"https:\/\/blog.airbaltic.com\/de\/?s={search_term_string}\"},\"query-input\":\"required name=search_term_string\"}],\"inLanguage\":\"de-DE\"},{\"@type\":\"Person\",\"@id\":\"https:\/\/blog.airbaltic.com\/de\/#\/schema\/person\/a8f55f10a470138dfee69a0ab995ffc9\",\"name\":\"J\u0101nis J\u0113kabsons\"}]}<\/script>\n<!-- \/ Yoast SEO plugin. -->","yoast_head_json":{"title":"C\u00f4te d\u2018Azur: Ein Traum in Blaut\u00f6nen - airBaltic blog","description":"Wenn von der C\u00f4te d\u2018Azur die Rede ist, denkt man meist an magisch blaues Wasser mit wei\u00dfen Booten in verschiedenen Formen und Gr\u00f6\u00dfen.","robots":{"index":"index","follow":"follow","max-snippet":"max-snippet:-1","max-image-preview":"max-image-preview:large","max-video-preview":"max-video-preview:-1"},"canonical":"https:\/\/blog.airbaltic.com\/de\/cote-dazur-ein-traum-in-blautoenen\/","og_locale":"de_DE","og_type":"article","og_title":"C\u00f4te d\u2018Azur: Ein Traum in Blaut\u00f6nen - airBaltic blog","og_description":"Wenn von der C\u00f4te d\u2018Azur die Rede ist, denkt man meist an magisch blaues Wasser mit wei\u00dfen Booten in verschiedenen Formen und Gr\u00f6\u00dfen.","og_url":"https:\/\/blog.airbaltic.com\/de\/cote-dazur-ein-traum-in-blautoenen\/","og_site_name":"airBaltic blog","article_publisher":"https:\/\/www.facebook.com\/airBaltic","article_published_time":"2022-07-20T13:36:34+00:00","article_modified_time":"2026-04-16T06:11:03+00:00","og_image":[{"width":1920,"height":1080,"url":"https:\/\/blog.airbaltic.com\/wp-content\/uploads\/2022\/07\/french-riviera-shades-of-azure.jpg","type":"image\/jpeg"}],"author":"J\u0101nis J\u0113kabsons","twitter_card":"summary_large_image","twitter_creator":"@airBaltic","twitter_site":"@airBaltic","twitter_misc":{"Written by":"J\u0101nis J\u0113kabsons","Est. reading time":"1 Minute"},"schema":{"@context":"https:\/\/schema.org","@graph":[{"@type":"WebPage","@id":"https:\/\/blog.airbaltic.com\/de\/cote-dazur-ein-traum-in-blautoenen\/","url":"https:\/\/blog.airbaltic.com\/de\/cote-dazur-ein-traum-in-blautoenen\/","name":"C\u00f4te d\u2018Azur: Ein Traum in Blaut\u00f6nen - airBaltic blog","isPartOf":{"@id":"https:\/\/blog.airbaltic.com\/de\/#website"},"primaryImageOfPage":{"@id":"https:\/\/blog.airbaltic.com\/de\/cote-dazur-ein-traum-in-blautoenen\/#primaryimage"},"image":{"@id":"https:\/\/blog.airbaltic.com\/de\/cote-dazur-ein-traum-in-blautoenen\/#primaryimage"},"thumbnailUrl":"https:\/\/blog.airbaltic.com\/wp-content\/uploads\/2022\/07\/french-riviera-shades-of-azure.jpg","datePublished":"2022-07-20T13:36:34+00:00","dateModified":"2026-04-16T06:11:03+00:00","author":{"@id":"https:\/\/blog.airbaltic.com\/de\/#\/schema\/person\/a8f55f10a470138dfee69a0ab995ffc9"},"description":"Wenn von der C\u00f4te d\u2018Azur die Rede ist, denkt man meist an magisch blaues Wasser mit wei\u00dfen Booten in verschiedenen Formen und Gr\u00f6\u00dfen.","breadcrumb":{"@id":"https:\/\/blog.airbaltic.com\/de\/cote-dazur-ein-traum-in-blautoenen\/#breadcrumb"},"inLanguage":"de-DE","potentialAction":[{"@type":"ReadAction","target":["https:\/\/blog.airbaltic.com\/de\/cote-dazur-ein-traum-in-blautoenen\/"]}]},{"@type":"ImageObject","inLanguage":"de-DE","@id":"https:\/\/blog.airbaltic.com\/de\/cote-dazur-ein-traum-in-blautoenen\/#primaryimage","url":"https:\/\/blog.airbaltic.com\/wp-content\/uploads\/2022\/07\/french-riviera-shades-of-azure.jpg","contentUrl":"https:\/\/blog.airbaltic.com\/wp-content\/uploads\/2022\/07\/french-riviera-shades-of-azure.jpg","width":1920,"height":1080,"caption":"French Riviera - shades of azure"},{"@type":"BreadcrumbList","@id":"https:\/\/blog.airbaltic.com\/de\/cote-dazur-ein-traum-in-blautoenen\/#breadcrumb","itemListElement":[{"@type":"ListItem","position":1,"name":"Home","item":"https:\/\/blog.airbaltic.com\/de\/"},{"@type":"ListItem","position":2,"name":"C\u00f4te d\u2018Azur: Ein Traum in Blaut\u00f6nen"}]},{"@type":"WebSite","@id":"https:\/\/blog.airbaltic.com\/de\/#website","url":"https:\/\/blog.airbaltic.com\/de\/","name":"airBaltic blog","description":"","potentialAction":[{"@type":"SearchAction","target":{"@type":"EntryPoint","urlTemplate":"https:\/\/blog.airbaltic.com\/de\/?s={search_term_string}"},"query-input":"required name=search_term_string"}],"inLanguage":"de-DE"},{"@type":"Person","@id":"https:\/\/blog.airbaltic.com\/de\/#\/schema\/person\/a8f55f10a470138dfee69a0ab995ffc9","name":"J\u0101nis J\u0113kabsons"}]}},"_links":{"self":[{"href":"https:\/\/blog.airbaltic.com\/de\/wp-json\/wp\/v2\/posts\/23658"}],"collection":[{"href":"https:\/\/blog.airbaltic.com\/de\/wp-json\/wp\/v2\/posts"}],"about":[{"href":"https:\/\/blog.airbaltic.com\/de\/wp-json\/wp\/v2\/types\/post"}],"author":[{"embeddable":true,"href":"https:\/\/blog.airbaltic.com\/de\/wp-json\/wp\/v2\/users\/9"}],"replies":[{"embeddable":true,"href":"https:\/\/blog.airbaltic.com\/de\/wp-json\/wp\/v2\/comments?post=23658"}],"version-history":[{"count":5,"href":"https:\/\/blog.airbaltic.com\/de\/wp-json\/wp\/v2\/posts\/23658\/revisions"}],"predecessor-version":[{"id":68070,"href":"https:\/\/blog.airbaltic.com\/de\/wp-json\/wp\/v2\/posts\/23658\/revisions\/68070"}],"wp:featuredmedia":[{"embeddable":true,"href":"https:\/\/blog.airbaltic.com\/de\/wp-json\/wp\/v2\/media\/23449"}],"wp:attachment":[{"href":"https:\/\/blog.airbaltic.com\/de\/wp-json\/wp\/v2\/media?parent=23658"}],"wp:term":[{"taxonomy":"category","embeddable":true,"href":"https:\/\/blog.airbaltic.com\/de\/wp-json\/wp\/v2\/categories?post=23658"},{"taxonomy":"post_tag","embeddable":true,"href":"https:\/\/blog.airbaltic.com\/de\/wp-json\/wp\/v2\/tags?post=23658"}],"curies":[{"name":"wp","href":"https:\/\/api.w.org\/{rel}","templated":true}]}}