{"id":18253,"date":"2022-02-09T17:39:15","date_gmt":"2022-02-09T15:39:15","guid":{"rendered":"https:\/\/blog.airbaltic.com\/?p=18253"},"modified":"2024-08-13T11:14:16","modified_gmt":"2024-08-13T08:14:16","slug":"zypern-die-urlaubsinsel-fuer-das-ganze-jahr","status":"publish","type":"post","link":"https:\/\/blog.airbaltic.com\/de\/zypern-die-urlaubsinsel-fuer-das-ganze-jahr\/","title":{"rendered":"Zypern \u2013 die Urlaubsinsel f\u00fcr das ganze Jahr"},"content":{"rendered":"","protected":false},"excerpt":{"rendered":"","protected":false},"author":9,"featured_media":17994,"comment_status":"closed","ping_status":"closed","sticky":false,"template":"","format":"standard","meta":{"_acf_changed":false,"footnotes":""},"categories":[680,678],"tags":[],"acf":[],"yoast_head":"<!-- This site is optimized with the Yoast SEO plugin v22.5 - https:\/\/yoast.com\/wordpress\/plugins\/seo\/ -->\n<title>Zypern \u2013 die Urlaubsinsel f\u00fcr das ganze Jahr - airBaltic blog<\/title>\n<meta name=\"description\" content=\"Als Europas Sonneninsel eignet sich Zypern das ganze Jahr \u00fcber f\u00fcr einen Urlaub. Buchen Sie Ihre Tickets nach Zypern.\" \/>\n<meta name=\"robots\" content=\"index, follow, max-snippet:-1, max-image-preview:large, max-video-preview:-1\" \/>\n<link rel=\"canonical\" href=\"https:\/\/blog.airbaltic.com\/de\/zypern-die-urlaubsinsel-fuer-das-ganze-jahr\/\" \/>\n<meta property=\"og:locale\" content=\"de_DE\" \/>\n<meta property=\"og:type\" content=\"article\" \/>\n<meta property=\"og:title\" content=\"Zypern \u2013 die Urlaubsinsel f\u00fcr das ganze Jahr - airBaltic blog\" \/>\n<meta property=\"og:description\" content=\"Als Europas Sonneninsel eignet sich Zypern das ganze Jahr \u00fcber f\u00fcr einen Urlaub. Buchen Sie Ihre Tickets nach Zypern.\" \/>\n<meta property=\"og:url\" content=\"https:\/\/blog.airbaltic.com\/de\/zypern-die-urlaubsinsel-fuer-das-ganze-jahr\/\" \/>\n<meta property=\"og:site_name\" content=\"airBaltic blog\" \/>\n<meta property=\"article:publisher\" content=\"https:\/\/www.facebook.com\/airBaltic\" \/>\n<meta property=\"article:published_time\" content=\"2022-02-09T15:39:15+00:00\" \/>\n<meta property=\"article:modified_time\" content=\"2024-08-13T08:14:16+00:00\" \/>\n<meta property=\"og:image\" content=\"https:\/\/blog.airbaltic.com\/wp-content\/uploads\/2022\/01\/larnaca-salt-lake_main_picture.jpg\" \/>\n\t<meta property=\"og:image:width\" content=\"1920\" \/>\n\t<meta property=\"og:image:height\" content=\"1080\" \/>\n\t<meta property=\"og:image:type\" content=\"image\/jpeg\" \/>\n<meta name=\"author\" content=\"J\u0101nis J\u0113kabsons\" \/>\n<meta name=\"twitter:card\" content=\"summary_large_image\" \/>\n<meta name=\"twitter:creator\" content=\"@airBaltic\" \/>\n<meta name=\"twitter:site\" content=\"@airBaltic\" \/>\n<meta name=\"twitter:label1\" content=\"Written by\" \/>\n\t<meta name=\"twitter:data1\" content=\"J\u0101nis J\u0113kabsons\" \/>\n\t<meta name=\"twitter:label2\" content=\"Est. reading time\" \/>\n\t<meta name=\"twitter:data2\" content=\"1 Minute\" \/>\n<script type=\"application\/ld+json\" class=\"yoast-schema-graph\">{\"@context\":\"https:\/\/schema.org\",\"@graph\":[{\"@type\":\"WebPage\",\"@id\":\"https:\/\/blog.airbaltic.com\/de\/zypern-die-urlaubsinsel-fuer-das-ganze-jahr\/\",\"url\":\"https:\/\/blog.airbaltic.com\/de\/zypern-die-urlaubsinsel-fuer-das-ganze-jahr\/\",\"name\":\"Zypern \u2013 die Urlaubsinsel f\u00fcr das ganze Jahr - airBaltic blog\",\"isPartOf\":{\"@id\":\"https:\/\/blog.airbaltic.com\/de\/#website\"},\"primaryImageOfPage\":{\"@id\":\"https:\/\/blog.airbaltic.com\/de\/zypern-die-urlaubsinsel-fuer-das-ganze-jahr\/#primaryimage\"},\"image\":{\"@id\":\"https:\/\/blog.airbaltic.com\/de\/zypern-die-urlaubsinsel-fuer-das-ganze-jahr\/#primaryimage\"},\"thumbnailUrl\":\"https:\/\/blog.airbaltic.com\/wp-content\/uploads\/2022\/01\/larnaca-salt-lake_main_picture.jpg\",\"datePublished\":\"2022-02-09T15:39:15+00:00\",\"dateModified\":\"2024-08-13T08:14:16+00:00\",\"author\":{\"@id\":\"https:\/\/blog.airbaltic.com\/de\/#\/schema\/person\/a8f55f10a470138dfee69a0ab995ffc9\"},\"description\":\"Als Europas Sonneninsel eignet sich Zypern das ganze Jahr \u00fcber f\u00fcr einen Urlaub. Buchen Sie Ihre Tickets nach Zypern.\",\"breadcrumb\":{\"@id\":\"https:\/\/blog.airbaltic.com\/de\/zypern-die-urlaubsinsel-fuer-das-ganze-jahr\/#breadcrumb\"},\"inLanguage\":\"de-DE\",\"potentialAction\":[{\"@type\":\"ReadAction\",\"target\":[\"https:\/\/blog.airbaltic.com\/de\/zypern-die-urlaubsinsel-fuer-das-ganze-jahr\/\"]}]},{\"@type\":\"ImageObject\",\"inLanguage\":\"de-DE\",\"@id\":\"https:\/\/blog.airbaltic.com\/de\/zypern-die-urlaubsinsel-fuer-das-ganze-jahr\/#primaryimage\",\"url\":\"https:\/\/blog.airbaltic.com\/wp-content\/uploads\/2022\/01\/larnaca-salt-lake_main_picture.jpg\",\"contentUrl\":\"https:\/\/blog.airbaltic.com\/wp-content\/uploads\/2022\/01\/larnaca-salt-lake_main_picture.jpg\",\"width\":1920,\"height\":1080,\"caption\":\"Larnaca, Salt Lake\"},{\"@type\":\"BreadcrumbList\",\"@id\":\"https:\/\/blog.airbaltic.com\/de\/zypern-die-urlaubsinsel-fuer-das-ganze-jahr\/#breadcrumb\",\"itemListElement\":[{\"@type\":\"ListItem\",\"position\":1,\"name\":\"Home\",\"item\":\"https:\/\/blog.airbaltic.com\/de\/\"},{\"@type\":\"ListItem\",\"position\":2,\"name\":\"Zypern \u2013 die Urlaubsinsel f\u00fcr das ganze Jahr\"}]},{\"@type\":\"WebSite\",\"@id\":\"https:\/\/blog.airbaltic.com\/de\/#website\",\"url\":\"https:\/\/blog.airbaltic.com\/de\/\",\"name\":\"airBaltic blog\",\"description\":\"\",\"potentialAction\":[{\"@type\":\"SearchAction\",\"target\":{\"@type\":\"EntryPoint\",\"urlTemplate\":\"https:\/\/blog.airbaltic.com\/de\/?s={search_term_string}\"},\"query-input\":\"required name=search_term_string\"}],\"inLanguage\":\"de-DE\"},{\"@type\":\"Person\",\"@id\":\"https:\/\/blog.airbaltic.com\/de\/#\/schema\/person\/a8f55f10a470138dfee69a0ab995ffc9\",\"name\":\"J\u0101nis J\u0113kabsons\"}]}<\/script>\n<!-- \/ Yoast SEO plugin. -->","yoast_head_json":{"title":"Zypern \u2013 die Urlaubsinsel f\u00fcr das ganze Jahr - airBaltic blog","description":"Als Europas Sonneninsel eignet sich Zypern das ganze Jahr \u00fcber f\u00fcr einen Urlaub. Buchen Sie Ihre Tickets nach Zypern.","robots":{"index":"index","follow":"follow","max-snippet":"max-snippet:-1","max-image-preview":"max-image-preview:large","max-video-preview":"max-video-preview:-1"},"canonical":"https:\/\/blog.airbaltic.com\/de\/zypern-die-urlaubsinsel-fuer-das-ganze-jahr\/","og_locale":"de_DE","og_type":"article","og_title":"Zypern \u2013 die Urlaubsinsel f\u00fcr das ganze Jahr - airBaltic blog","og_description":"Als Europas Sonneninsel eignet sich Zypern das ganze Jahr \u00fcber f\u00fcr einen Urlaub. Buchen Sie Ihre Tickets nach Zypern.","og_url":"https:\/\/blog.airbaltic.com\/de\/zypern-die-urlaubsinsel-fuer-das-ganze-jahr\/","og_site_name":"airBaltic blog","article_publisher":"https:\/\/www.facebook.com\/airBaltic","article_published_time":"2022-02-09T15:39:15+00:00","article_modified_time":"2024-08-13T08:14:16+00:00","og_image":[{"width":1920,"height":1080,"url":"https:\/\/blog.airbaltic.com\/wp-content\/uploads\/2022\/01\/larnaca-salt-lake_main_picture.jpg","type":"image\/jpeg"}],"author":"J\u0101nis J\u0113kabsons","twitter_card":"summary_large_image","twitter_creator":"@airBaltic","twitter_site":"@airBaltic","twitter_misc":{"Written by":"J\u0101nis J\u0113kabsons","Est. reading time":"1 Minute"},"schema":{"@context":"https:\/\/schema.org","@graph":[{"@type":"WebPage","@id":"https:\/\/blog.airbaltic.com\/de\/zypern-die-urlaubsinsel-fuer-das-ganze-jahr\/","url":"https:\/\/blog.airbaltic.com\/de\/zypern-die-urlaubsinsel-fuer-das-ganze-jahr\/","name":"Zypern \u2013 die Urlaubsinsel f\u00fcr das ganze Jahr - airBaltic blog","isPartOf":{"@id":"https:\/\/blog.airbaltic.com\/de\/#website"},"primaryImageOfPage":{"@id":"https:\/\/blog.airbaltic.com\/de\/zypern-die-urlaubsinsel-fuer-das-ganze-jahr\/#primaryimage"},"image":{"@id":"https:\/\/blog.airbaltic.com\/de\/zypern-die-urlaubsinsel-fuer-das-ganze-jahr\/#primaryimage"},"thumbnailUrl":"https:\/\/blog.airbaltic.com\/wp-content\/uploads\/2022\/01\/larnaca-salt-lake_main_picture.jpg","datePublished":"2022-02-09T15:39:15+00:00","dateModified":"2024-08-13T08:14:16+00:00","author":{"@id":"https:\/\/blog.airbaltic.com\/de\/#\/schema\/person\/a8f55f10a470138dfee69a0ab995ffc9"},"description":"Als Europas Sonneninsel eignet sich Zypern das ganze Jahr \u00fcber f\u00fcr einen Urlaub. Buchen Sie Ihre Tickets nach Zypern.","breadcrumb":{"@id":"https:\/\/blog.airbaltic.com\/de\/zypern-die-urlaubsinsel-fuer-das-ganze-jahr\/#breadcrumb"},"inLanguage":"de-DE","potentialAction":[{"@type":"ReadAction","target":["https:\/\/blog.airbaltic.com\/de\/zypern-die-urlaubsinsel-fuer-das-ganze-jahr\/"]}]},{"@type":"ImageObject","inLanguage":"de-DE","@id":"https:\/\/blog.airbaltic.com\/de\/zypern-die-urlaubsinsel-fuer-das-ganze-jahr\/#primaryimage","url":"https:\/\/blog.airbaltic.com\/wp-content\/uploads\/2022\/01\/larnaca-salt-lake_main_picture.jpg","contentUrl":"https:\/\/blog.airbaltic.com\/wp-content\/uploads\/2022\/01\/larnaca-salt-lake_main_picture.jpg","width":1920,"height":1080,"caption":"Larnaca, Salt Lake"},{"@type":"BreadcrumbList","@id":"https:\/\/blog.airbaltic.com\/de\/zypern-die-urlaubsinsel-fuer-das-ganze-jahr\/#breadcrumb","itemListElement":[{"@type":"ListItem","position":1,"name":"Home","item":"https:\/\/blog.airbaltic.com\/de\/"},{"@type":"ListItem","position":2,"name":"Zypern \u2013 die Urlaubsinsel f\u00fcr das ganze Jahr"}]},{"@type":"WebSite","@id":"https:\/\/blog.airbaltic.com\/de\/#website","url":"https:\/\/blog.airbaltic.com\/de\/","name":"airBaltic blog","description":"","potentialAction":[{"@type":"SearchAction","target":{"@type":"EntryPoint","urlTemplate":"https:\/\/blog.airbaltic.com\/de\/?s={search_term_string}"},"query-input":"required name=search_term_string"}],"inLanguage":"de-DE"},{"@type":"Person","@id":"https:\/\/blog.airbaltic.com\/de\/#\/schema\/person\/a8f55f10a470138dfee69a0ab995ffc9","name":"J\u0101nis J\u0113kabsons"}]}},"_links":{"self":[{"href":"https:\/\/blog.airbaltic.com\/de\/wp-json\/wp\/v2\/posts\/18253"}],"collection":[{"href":"https:\/\/blog.airbaltic.com\/de\/wp-json\/wp\/v2\/posts"}],"about":[{"href":"https:\/\/blog.airbaltic.com\/de\/wp-json\/wp\/v2\/types\/post"}],"author":[{"embeddable":true,"href":"https:\/\/blog.airbaltic.com\/de\/wp-json\/wp\/v2\/users\/9"}],"replies":[{"embeddable":true,"href":"https:\/\/blog.airbaltic.com\/de\/wp-json\/wp\/v2\/comments?post=18253"}],"version-history":[{"count":3,"href":"https:\/\/blog.airbaltic.com\/de\/wp-json\/wp\/v2\/posts\/18253\/revisions"}],"predecessor-version":[{"id":60615,"href":"https:\/\/blog.airbaltic.com\/de\/wp-json\/wp\/v2\/posts\/18253\/revisions\/60615"}],"wp:featuredmedia":[{"embeddable":true,"href":"https:\/\/blog.airbaltic.com\/de\/wp-json\/wp\/v2\/media\/17994"}],"wp:attachment":[{"href":"https:\/\/blog.airbaltic.com\/de\/wp-json\/wp\/v2\/media?parent=18253"}],"wp:term":[{"taxonomy":"category","embeddable":true,"href":"https:\/\/blog.airbaltic.com\/de\/wp-json\/wp\/v2\/categories?post=18253"},{"taxonomy":"post_tag","embeddable":true,"href":"https:\/\/blog.airbaltic.com\/de\/wp-json\/wp\/v2\/tags?post=18253"}],"curies":[{"name":"wp","href":"https:\/\/api.w.org\/{rel}","templated":true}]}}